{"id":1888,"date":"2018-08-24T11:28:11","date_gmt":"2018-08-24T11:28:11","guid":{"rendered":"http:\/\/rituais.com\/Rituais\/?p=1888"},"modified":"2020-03-19T13:12:05","modified_gmt":"2020-03-19T13:12:05","slug":"alemanha","status":"publish","type":"post","link":"http:\/\/rituais.com\/rituais\/alemanha\/","title":{"rendered":"Alemanha"},"content":{"rendered":"<div>(c) Rituais em viagem, para l\u00e1 do horizonte | Rituais.com<\/div>\n<div><\/div>\n<div><strong>INFORMA\u00c7\u00d5ES B\u00c1SICAS<\/strong><\/div>\n<div>. Designa\u00e7\u00e3o oficial: Rep\u00fablica Federal da Alemanha<\/div>\n<div>. \u00c1rea: 356.974Km2<\/div>\n<div>. Capital: Berlin<\/div>\n<div>. Popula\u00e7\u00e3o: 81.339.000<\/div>\n<div>. Taxa de Crescimento Demogr\u00e1fico: 0,7%<\/div>\n<div>. Esperan\u00e7a M\u00e9dia de Vida: 73 (h), 79 (m)<\/div>\n<div>. L\u00ednguas: Alem\u00e3o<\/div>\n<div>. \u00cdndice de alfabetiza\u00e7\u00e3o (adultos): 99%<\/div>\n<div>. Moeda: Euro (era Marco Alem\u00e3o)<\/div>\n<div>. Descri\u00e7\u00e3o b\u00e1sica: A Alemanha j\u00e1 passou por divis\u00f5es e unifica\u00e7\u00f5es. Tem sido um pa\u00eds com protagonismo marcante na hist\u00f3ria do Mundo. Quer pela influencia na Europa, quer pelos sucessivos envolvimentos em guerras. Paisagem diversificada com montanhas e plan\u00edcies. Recursos agr\u00edcolas e industriais (carv\u00e3o, a\u00e7o, maquinas e t\u00eaxteis &#8211; concentrados na regi\u00e3o de Ruhr, Estugarda e Munique). \u00c9 um pais conhecido pela qualidade do que produz. Sobretudo na \u00f3tica e nos autom\u00f3veis. A Alemanha Ocidental foi um dos fundadores da Uni\u00e3o Europeia e \u00e9 um dos pa\u00edses economicamente mais desenvolvidos e tamb\u00e9m um dos mais influentes do Mundo.<\/div>\n<p><iframe loading=\"lazy\" style=\"border: 0;\" tabindex=\"0\" src=\"https:\/\/www.google.com\/maps\/embed?pb=!1m18!1m12!1m3!1d5132296.394727304!2d5.968584716859758!3d51.089931863936144!2m3!1f0!2f0!3f0!3m2!1i1024!2i768!4f13.1!3m3!1m2!1s0x479a721ec2b1be6b%3A0x75e85d6b8e91e55b!2sAlemanha!5e0!3m2!1spt-PT!2spt!4v1584622823091!5m2!1spt-PT!2spt\" width=\"800\" height=\"600\" frameborder=\"0\" allowfullscreen=\"allowfullscreen\" aria-hidden=\"false\"><\/iframe><\/p>\n<div><\/div>\n<div><strong>OUTROS<\/strong><\/div>\n<div>&#8211; Bolo de cereja com chocolate<\/div>\n<div>&#8211; Sauerkraut: Enormes salsichas<\/div>\n<div><\/div>\n<div><strong>PONTOS DE INTERESSE (POI)<\/strong><\/div>\n<div>\n<div>&#8212;&#8212;&#8212;&#8212;&#8212;&#8212;&#8212;&#8212;&#8212;&#8212;&#8212;&#8212;&#8212;&#8212;&#8212;&#8212;&#8212;&#8212;&#8212;&#8212;&#8212;&#8212;&#8212;&#8212;&#8212;&#8211;<\/div>\n<div>DE0001-POI\u00a0 \u00a0 \u00a0 \u00a0 \u00a0 \u00a0 \u00a0 \u00a0 \u00a0 \u00a0 \u00a0 \u00a0 \u00a0 N48 19.557 E8 11.481 (32U 440060 5352845)<\/div>\n<div>Floresta Negra<\/div>\n<div>(P)<\/div>\n<div>&#8212;&#8212;&#8212;&#8212;&#8212;&#8212;&#8212;&#8212;&#8212;&#8212;&#8212;&#8212;&#8212;&#8212;&#8212;&#8212;&#8212;&#8212;&#8212;&#8212;&#8212;&#8212;&#8212;&#8212;&#8212;&#8211;<\/div>\n<div>DE0002-POI\u00a0 \u00a0 \u00a0 \u00a0 \u00a0 \u00a0 \u00a0 \u00a0 \u00a0 \u00a0 \u00a0 \u00a0 \u00a0 N52 19.410 E8 36.149 (32U 472907 5797094)<\/div>\n<div>Luneburg: Cidade do S\u00e9c.XIII<\/div>\n<div>(P)<\/div>\n<div>&#8212;&#8212;&#8212;&#8212;&#8212;&#8212;&#8212;&#8212;&#8212;&#8212;&#8212;&#8212;&#8212;&#8212;&#8212;&#8212;&#8212;&#8212;&#8212;&#8212;&#8212;&#8212;&#8212;&#8212;&#8212;&#8211;<\/div>\n<div>DE0003-POI\u00a0 \u00a0 \u00a0 \u00a0 \u00a0 \u00a0 \u00a0 \u00a0 \u00a0 \u00a0 \u00a0 \u00a0 \u00a0N52 30.977 E13 22.662 (33U 389918 5819700)<\/div>\n<div>Porta de Brandenburgo<\/div>\n<div>(P)<\/div>\n<div>&#8212;&#8212;&#8212;&#8212;&#8212;&#8212;&#8212;&#8212;&#8212;&#8212;&#8212;&#8212;&#8212;&#8212;&#8212;&#8212;&#8212;&#8212;&#8212;&#8212;&#8212;&#8212;&#8212;&#8212;&#8212;&#8211;<\/div>\n<div>DE0004-POI\u00a0 \u00a0 \u00a0 \u00a0 \u00a0 \u00a0 \u00a0 \u00a0 \u00a0 \u00a0 \u00a0 \u00a0 \u00a0N49 01.233 E12 05.950 (33U 287926 5433795)<\/div>\n<div>Cidade velha de Regensburg com Stadtamhof<\/div>\n<div>&#8212;&#8212;&#8212;&#8212;&#8212;&#8212;&#8212;&#8212;&#8212;&#8212;&#8212;&#8212;&#8212;&#8212;&#8212;&#8212;&#8212;&#8212;&#8212;&#8212;&#8212;&#8212;&#8212;&#8212;&#8212;&#8211;<\/div>\n<div>DE0005-POI\u00a0 \u00a0 \u00a0 \u00a0 \u00a0 \u00a0 \u00a0 \u00a0 \u00a0 \u00a0 \u00a0 \u00a0 \u00a0 N52 16.774 E7 26.454 (32U 393638 5793278)<\/div>\n<div>Reno: Em cada curva aparecem castelos<\/div>\n<div>(P)<\/div>\n<div>&#8212;&#8212;&#8212;&#8212;&#8212;&#8212;&#8212;&#8212;&#8212;&#8212;&#8212;&#8212;&#8212;&#8212;&#8212;&#8212;&#8212;&#8212;&#8212;&#8212;&#8212;&#8212;&#8212;&#8212;&#8212;&#8211;<\/div>\n<div>DEPM0001\u00a0 \u00a0 \u00a0 \u00a0 \u00a0 \u00a0 \u00a0 \u00a0 \u00a0 \u00a0 \u00a0 \u00a0 \u00a0 \u00a0N49 01.233 E12 05.950 (33U 287926 5433795)<\/div>\n<div>Cidade velha de Regensburg com Stadtamhof: Localizada no rio Dan\u00fabio, na Baviera, esta cidade medieval cont\u00e9m muitos edif\u00edcios de qualidade excecional que testemunham a sua hist\u00f3ria como um centro de com\u00e9rcio e de sua influ\u00eancia na regi\u00e3o a partir do S\u00e9c.9. Foram preservadas um n\u00famero consider\u00e1vel de estruturas hist\u00f3ricas que cobrem cerca de dois mil\u00eanios, incluindo da Roma antiga, rom\u00e2nica e edif\u00edcios g\u00f3ticos. A arquitetura de Regensburg dos S\u00e9c. 11 e 13, incluindo o mercado, a C\u00e2mara Municipal e a Catedral, ainda definem o car\u00e1ter da cidade, marcada por edif\u00edcios altos e escuros, ruas estreitas e fortifica\u00e7\u00f5es robustas. As constru\u00e7\u00f5es incluem casas Patr\u00edcias medievais e torres, um grande n\u00famero de igrejas e conjuntos mon\u00e1sticos, assim como a Ponte Velha, que data do S\u00e9c.12. A cidade tamb\u00e9m \u00e9 not\u00e1vel pelos vest\u00edgios que testemunham a sua rica hist\u00f3ria institucional e religiosa como um dos centros do Imp\u00e9rio Romano que se converteram ao protestantismo.<\/div>\n<div>&#8212;&#8212;&#8212;&#8212;&#8212;&#8212;&#8212;&#8212;&#8212;&#8212;&#8212;&#8212;&#8212;&#8212;&#8212;&#8212;&#8212;&#8212;&#8212;&#8212;&#8212;&#8212;&#8212;&#8212;&#8212;&#8211;<\/div>\n<div>DEPM0004\u00a0 \u00a0 \u00a0 \u00a0 \u00a0 \u00a0 \u00a0 \u00a0 \u00a0 \u00a0 \u00a0 \u00a0 \u00a0 \u00a0N48 53.030 E11 47.090 (32U 704152 5418281)<\/div>\n<div>Fronteiras do Imp\u00e9rio Romano: S\u00edtio conjunto da Alemanha com o Reino Unido.<\/div>\n<div><\/div>\n<div>Criado ap\u00f3s o alargamento do s\u00edtio \u201cMuralha de Adriano\u201d (1987), na Gr\u00e3-Bretanha, com o \u201cLimes Germanicus\u201d (2005).<\/div>\n<div><\/div>\n<div>A Muralha de Adriano fica aproximadamente entre a Inglaterra e a Esc\u00f3cia. Quando o imperador Adriano entendeu que o Imp\u00e9rio Romano n\u00e3o iria continuar a crescer em todas as direc\u00e7\u00f5es e percebendo os riscos que corria na Gr\u00e3-Bretanha, decidiu seguir uma pol\u00edtica de manuten\u00e7\u00e3o do territ\u00f3rio conquistado. Esta muralha pretendia ser um apoio contra as as investidas das tribos da Esc\u00f3cia, nomeadamente Pictos e Escotos a que os Romanos chamavam de Caled\u00f4nios. Em 126DC quando ficou terminada, era a mais extensa do Imp\u00e9rio Romano. Inicialmente tinha mais de 120 Km. A muralha foi constru\u00edda pelos pr\u00f3prios soldados romanos, sendo atribu\u00edda uma extens\u00e3o a cada &#8220;cent\u00faria&#8221;.<\/div>\n<div>O muro foi feito com pedra e turfa e tinha 4,5 metros de altura e 2,5 metros de largura. No topo tinha uma estrada de 1 metro de largura que facilitava as comunica\u00e7\u00f5es e os transportes. A dist\u00e2ncias regulares eram constru\u00eddas torres de observa\u00e7\u00f5es e a dist\u00e2ncia maiores foram constru\u00eddos quarteis.<\/div>\n<div><\/div>\n<div>Grandes partes desta muralha original foram destru\u00eddas ao longo do tempo para aproveitamento da pedra para outras constru\u00e7\u00f5es, como por exemplo a Igreja de Carlisle. Contudo ainda pode ser vista uma grande extens\u00e3o, como \u00e9 exemplo disso o tro\u00e7o perto de Greenhead.<\/div>\n<div><\/div>\n<div>Ver: UKPM0001<\/div>\n<div>&#8212;&#8212;&#8212;&#8212;&#8212;&#8212;&#8212;&#8212;&#8212;&#8212;&#8212;&#8212;&#8212;&#8212;&#8212;&#8212;&#8212;&#8212;&#8212;&#8212;&#8212;&#8212;&#8212;&#8212;&#8212;&#8211;<\/div>\n<div>DEPM0005\u00a0 \u00a0 \u00a0 \u00a0 \u00a0 \u00a0 \u00a0 \u00a0 \u00a0 \u00a0 \u00a0 \u00a0 \u00a0 \u00a0N52 24.370 E13 05.300 (33U 369960 5807934)<\/div>\n<div>Pal\u00e1cios e Parques de Potsdam e Berlim: S\u00e3o 500 ha de parques e 150 edif\u00edcios (1730-1916).<\/div>\n<div><\/div>\n<div>Potsdam:<\/div>\n<div>&#8211; Pal\u00e1cio e Parque de Sans Souci: \u201cLindenallee\u201d, \u201cAntiga Escola de Jardinagem\u201d e a \u201cKaiserbahnhof\u201d, \u201cPal\u00e1cio e Parque de Lindstedt\u201d, \u201cVila de Bornstedt\u201d, \u201cIgreja\u201d, \u201cCemit\u00e9rio\u201d e paisagem a norte do parque, O \u201cSeekoppel\u201d (paisagem a oeste do \u201cMonte das Ru\u00ednas\u201d) e \u201cVoltaireweg\u201d.<\/div>\n<div>&#8211; Jardim Novo (\u201cNeue Garten\u201d): \u201cAlexandrovka\u201d e O \u201cPfingstberg\u201d.<\/div>\n<div>&#8211; Pal\u00e1cio de M\u00e1rmore e Castelo de Cecilienhof<\/div>\n<div>&#8211; Parque e Pal\u00e1cio de Babelsberg: Observat\u00f3rio de \u201cBabelsberg\u201d.<\/div>\n<div><\/div>\n<div>Berlin-Zehlendorf:<\/div>\n<div>&#8211; Castelo e Parque de Kleine-Glienicke: Lago \u201eGleicicker\u201c, \u201eVolkspark\u201c, \u201eNikolskoe\u201c.<\/div>\n<div>&#8211; \u201cIlha dos Pav\u00f5es\u201d (\u201cPfaueninsel\u201d)<\/div>\n<div>&#8211; Monte \u201cB\u00f6ttcher\u201d (\u201cB\u00f6ttcherberg\u201d)<\/div>\n<div>&#8211; Pavilh\u00e3o de Ca\u00e7a de \u201cGlienicke\u201d (\u201cJagdschlo\u00df Glienicke\u201d).<\/div>\n<div>&#8211; Igreja do Salvador (\u201cHeilandskirche\u201d).<\/div>\n<div>&#8211; Pal\u00e1cio e Parque da Vila de \u201cSacrow\u201d: Floresta Real.<\/div>\n<div><\/div>\n<div>Ver:<\/div>\n<div>DEPM0005<\/div>\n<div>DEPM0006<\/div>\n<div>DEPM0007<\/div>\n<div>DEPM0008<\/div>\n<div>DEPM0009<\/div>\n<div>DEPM0010<\/div>\n<div>DEPM0011<\/div>\n<div>&#8212;&#8212;&#8212;&#8212;&#8212;&#8212;&#8212;&#8212;&#8212;&#8212;&#8212;&#8212;&#8212;&#8212;&#8212;&#8212;&#8212;&#8212;&#8212;&#8212;&#8212;&#8212;&#8212;&#8212;&#8212;&#8211;<\/div>\n<div>DEPM0006\u00a0 \u00a0 \u00a0 \u00a0 \u00a0 \u00a0 \u00a0 \u00a0 \u00a0 \u00a0 \u00a0 \u00a0 \u00a0 \u00a0N52 24.580 E13 07.300 (33U 372238 5808264)<\/div>\n<div>Pal\u00e1cios e Parques de Potsdam e Berlim: S\u00e3o 500 ha de parques e 150 edif\u00edcios (1730-1916).<\/div>\n<div><\/div>\n<div>Potsdam:<\/div>\n<div>&#8211; Pal\u00e1cio e Parque de Sans Souci: \u201cLindenallee\u201d, \u201cAntiga Escola de Jardinagem\u201d e a \u201cKaiserbahnhof\u201d, \u201cPal\u00e1cio e Parque de Lindstedt\u201d, \u201cVila de Bornstedt\u201d, \u201cIgreja\u201d, \u201cCemit\u00e9rio\u201d e paisagem a norte do parque, O \u201cSeekoppel\u201d (paisagem a oeste do \u201cMonte das Ru\u00ednas\u201d) e \u201cVoltaireweg\u201d.<\/div>\n<div>&#8211; Jardim Novo (\u201cNeue Garten\u201d): \u201cAlexandrovka\u201d e O \u201cPfingstberg\u201d.<\/div>\n<div>&#8211; Pal\u00e1cio de M\u00e1rmore e Castelo de Cecilienhof<\/div>\n<div>&#8211; Parque e Pal\u00e1cio de Babelsberg: Observat\u00f3rio de \u201cBabelsberg\u201d.<\/div>\n<div><\/div>\n<div>Berlin-Zehlendorf:<\/div>\n<div>&#8211; Castelo e Parque de Kleine-Glienicke: Lago \u201eGleicicker\u201c, \u201eVolkspark\u201c, \u201eNikolskoe\u201c.<\/div>\n<div>&#8211; \u201cIlha dos Pav\u00f5es\u201d (\u201cPfaueninsel\u201d)<\/div>\n<div>&#8211; Monte \u201cB\u00f6ttcher\u201d (\u201cB\u00f6ttcherberg\u201d)<\/div>\n<div>&#8211; Pavilh\u00e3o de Ca\u00e7a de \u201cGlienicke\u201d (\u201cJagdschlo\u00df Glienicke\u201d).<\/div>\n<div>&#8211; Igreja do Salvador (\u201cHeilandskirche\u201d).<\/div>\n<div>&#8211; Pal\u00e1cio e Parque da Vila de \u201cSacrow\u201d: Floresta Real.<\/div>\n<div><\/div>\n<div>Ver:<\/div>\n<div>DEPM0005<\/div>\n<div>DEPM0006<\/div>\n<div>DEPM0007<\/div>\n<div>DEPM0008<\/div>\n<div>DEPM0009<\/div>\n<div>DEPM0010<\/div>\n<div>DEPM0011<\/div>\n<div>&#8212;&#8212;&#8212;&#8212;&#8212;&#8212;&#8212;&#8212;&#8212;&#8212;&#8212;&#8212;&#8212;&#8212;&#8212;&#8212;&#8212;&#8212;&#8212;&#8212;&#8212;&#8212;&#8212;&#8212;&#8212;&#8211;<\/div>\n<div>DEPM0007\u00a0 \u00a0 \u00a0 \u00a0 \u00a0 \u00a0 \u00a0 \u00a0 \u00a0 \u00a0 \u00a0 \u00a0 \u00a0 \u00a0N52 24.440 E13 09.430 (33U 374645 5807942)<\/div>\n<div>Pal\u00e1cios e Parques de Potsdam e Berlim: S\u00e3o 500 ha de parques e 150 edif\u00edcios (1730-1916).<\/div>\n<div><\/div>\n<div>Potsdam:<\/div>\n<div>&#8211; Pal\u00e1cio e Parque de Sans Souci: \u201cLindenallee\u201d, \u201cAntiga Escola de Jardinagem\u201d e a \u201cKaiserbahnhof\u201d, \u201cPal\u00e1cio e Parque de Lindstedt\u201d, \u201cVila de Bornstedt\u201d, \u201cIgreja\u201d, \u201cCemit\u00e9rio\u201d e paisagem a norte do parque, O \u201cSeekoppel\u201d (paisagem a oeste do \u201cMonte das Ru\u00ednas\u201d) e \u201cVoltaireweg\u201d.<\/div>\n<div>&#8211; Jardim Novo (\u201cNeue Garten\u201d): \u201cAlexandrovka\u201d e O \u201cPfingstberg\u201d.<\/div>\n<div>&#8211; Pal\u00e1cio de M\u00e1rmore e Castelo de Cecilienhof<\/div>\n<div>&#8211; Parque e Pal\u00e1cio de Babelsberg: Observat\u00f3rio de \u201cBabelsberg\u201d.<\/div>\n<div><\/div>\n<div>Berlin-Zehlendorf:<\/div>\n<div>&#8211; Castelo e Parque de Kleine-Glienicke: Lago \u201eGleicicker\u201c, \u201eVolkspark\u201c, \u201eNikolskoe\u201c.<\/div>\n<div>&#8211; \u201cIlha dos Pav\u00f5es\u201d (\u201cPfaueninsel\u201d)<\/div>\n<div>&#8211; Monte \u201cB\u00f6ttcher\u201d (\u201cB\u00f6ttcherberg\u201d)<\/div>\n<div>&#8211; Pavilh\u00e3o de Ca\u00e7a de \u201cGlienicke\u201d (\u201cJagdschlo\u00df Glienicke\u201d).<\/div>\n<div>&#8211; Igreja do Salvador (\u201cHeilandskirche\u201d).<\/div>\n<div>&#8211; Pal\u00e1cio e Parque da Vila de \u201cSacrow\u201d: Floresta Real.<\/div>\n<div><\/div>\n<div>Ver:<\/div>\n<div>DEPM0005<\/div>\n<div>DEPM0006<\/div>\n<div>DEPM0007<\/div>\n<div>DEPM0008<\/div>\n<div>DEPM0009<\/div>\n<div>DEPM0010<\/div>\n<div>DEPM0011<\/div>\n<div>&#8212;&#8212;&#8212;&#8212;&#8212;&#8212;&#8212;&#8212;&#8212;&#8212;&#8212;&#8212;&#8212;&#8212;&#8212;&#8212;&#8212;&#8212;&#8212;&#8212;&#8212;&#8212;&#8212;&#8212;&#8212;&#8211;<\/div>\n<div>DEPM0008\u00a0 \u00a0 \u00a0 \u00a0 \u00a0 \u00a0 \u00a0 \u00a0 \u00a0 \u00a0 \u00a0 \u00a0 \u00a0 \u00a0N52 25.010 E13 09.430 (33U 374672 5808999)<\/div>\n<div>Pal\u00e1cios e Parques de Potsdam e Berlim: S\u00e3o 500 ha de parques e 150 edif\u00edcios (1730-1916).<\/div>\n<div><\/div>\n<div>Potsdam:<\/div>\n<div>&#8211; Pal\u00e1cio e Parque de Sans Souci: \u201cLindenallee\u201d, \u201cAntiga Escola de Jardinagem\u201d e a \u201cKaiserbahnhof\u201d, \u201cPal\u00e1cio e Parque de Lindstedt\u201d, \u201cVila de Bornstedt\u201d, \u201cIgreja\u201d, \u201cCemit\u00e9rio\u201d e paisagem a norte do parque, O \u201cSeekoppel\u201d (paisagem a oeste do \u201cMonte das Ru\u00ednas\u201d) e \u201cVoltaireweg\u201d.<\/div>\n<div>&#8211; Jardim Novo (\u201cNeue Garten\u201d): \u201cAlexandrovka\u201d e O \u201cPfingstberg\u201d.<\/div>\n<div>&#8211; Pal\u00e1cio de M\u00e1rmore e Castelo de Cecilienhof<\/div>\n<div>&#8211; Parque e Pal\u00e1cio de Babelsberg: Observat\u00f3rio de \u201cBabelsberg\u201d.<\/div>\n<div><\/div>\n<div>Berlin-Zehlendorf:<\/div>\n<div>&#8211; Castelo e Parque de Kleine-Glienicke: Lago \u201eGleicicker\u201c, \u201eVolkspark\u201c, \u201eNikolskoe\u201c.<\/div>\n<div>&#8211; \u201cIlha dos Pav\u00f5es\u201d (\u201cPfaueninsel\u201d)<\/div>\n<div>&#8211; Monte \u201cB\u00f6ttcher\u201d (\u201cB\u00f6ttcherberg\u201d)<\/div>\n<div>&#8211; Pavilh\u00e3o de Ca\u00e7a de \u201cGlienicke\u201d (\u201cJagdschlo\u00df Glienicke\u201d).<\/div>\n<div>&#8211; Igreja do Salvador (\u201cHeilandskirche\u201d).<\/div>\n<div>&#8211; Pal\u00e1cio e Parque da Vila de \u201cSacrow\u201d: Floresta Real.<\/div>\n<div><\/div>\n<div>Ver:<\/div>\n<div>DEPM0005<\/div>\n<div>DEPM0006<\/div>\n<div>DEPM0007<\/div>\n<div>DEPM0008<\/div>\n<div>DEPM0009<\/div>\n<div>DEPM0010<\/div>\n<div>DEPM0011<\/div>\n<div>&#8212;&#8212;&#8212;&#8212;&#8212;&#8212;&#8212;&#8212;&#8212;&#8212;&#8212;&#8212;&#8212;&#8212;&#8212;&#8212;&#8212;&#8212;&#8212;&#8212;&#8212;&#8212;&#8212;&#8212;&#8212;&#8211;<\/div>\n<div>DEPM0009\u00a0 \u00a0 \u00a0 \u00a0 \u00a0 \u00a0 \u00a0 \u00a0 \u00a0 \u00a0 \u00a0 \u00a0 \u00a0 \u00a0N52 25.500 E13 09.170 (33U 374401 5809914)<\/div>\n<div>Pal\u00e1cios e Parques de Potsdam e Berlim: S\u00e3o 500 ha de parques e 150 edif\u00edcios (1730-1916).<\/div>\n<div><\/div>\n<div>Potsdam:<\/div>\n<div>&#8211; Pal\u00e1cio e Parque de Sans Souci: \u201cLindenallee\u201d, \u201cAntiga Escola de Jardinagem\u201d e a \u201cKaiserbahnhof\u201d, \u201cPal\u00e1cio e Parque de Lindstedt\u201d, \u201cVila de Bornstedt\u201d, \u201cIgreja\u201d, \u201cCemit\u00e9rio\u201d e paisagem a norte do parque, O \u201cSeekoppel\u201d (paisagem a oeste do \u201cMonte das Ru\u00ednas\u201d) e \u201cVoltaireweg\u201d.<\/div>\n<div>&#8211; Jardim Novo (\u201cNeue Garten\u201d): \u201cAlexandrovka\u201d e O \u201cPfingstberg\u201d.<\/div>\n<div>&#8211; Pal\u00e1cio de M\u00e1rmore e Castelo de Cecilienhof<\/div>\n<div>&#8211; Parque e Pal\u00e1cio de Babelsberg: Observat\u00f3rio de \u201cBabelsberg\u201d.<\/div>\n<div><\/div>\n<div>Berlin-Zehlendorf:<\/div>\n<div>&#8211; Castelo e Parque de Kleine-Glienicke: Lago \u201eGleicicker\u201c, \u201eVolkspark\u201c, \u201eNikolskoe\u201c.<\/div>\n<div>&#8211; \u201cIlha dos Pav\u00f5es\u201d (\u201cPfaueninsel\u201d)<\/div>\n<div>&#8211; Monte \u201cB\u00f6ttcher\u201d (\u201cB\u00f6ttcherberg\u201d)<\/div>\n<div>&#8211; Pavilh\u00e3o de Ca\u00e7a de \u201cGlienicke\u201d (\u201cJagdschlo\u00df Glienicke\u201d).<\/div>\n<div>&#8211; Igreja do Salvador (\u201cHeilandskirche\u201d).<\/div>\n<div>&#8211; Pal\u00e1cio e Parque da Vila de \u201cSacrow\u201d: Floresta Real.<\/div>\n<div><\/div>\n<div>Ver:<\/div>\n<div>DEPM0005<\/div>\n<div>DEPM0006<\/div>\n<div>DEPM0007<\/div>\n<div>DEPM0008<\/div>\n<div>DEPM0009<\/div>\n<div>DEPM0010<\/div>\n<div>DEPM0011<\/div>\n<div>&#8212;&#8212;&#8212;&#8212;&#8212;&#8212;&#8212;&#8212;&#8212;&#8212;&#8212;&#8212;&#8212;&#8212;&#8212;&#8212;&#8212;&#8212;&#8212;&#8212;&#8212;&#8212;&#8212;&#8212;&#8212;&#8211;<\/div>\n<div>DEPM0010\u00a0 \u00a0 \u00a0 \u00a0 \u00a0 \u00a0 \u00a0 \u00a0 \u00a0 \u00a0 \u00a0 \u00a0 \u00a0 \u00a0N52 26.180 E13 10.590 (33U 376042 5811134)<\/div>\n<div>Pal\u00e1cios e Parques de Potsdam e Berlim: S\u00e3o 500 ha de parques e 150 edif\u00edcios (1730-1916).<\/div>\n<div><\/div>\n<div>Potsdam:<\/div>\n<div>&#8211; Pal\u00e1cio e Parque de Sans Souci: \u201cLindenallee\u201d, \u201cAntiga Escola de Jardinagem\u201d e a \u201cKaiserbahnhof\u201d, \u201cPal\u00e1cio e Parque de Lindstedt\u201d, \u201cVila de Bornstedt\u201d, \u201cIgreja\u201d, \u201cCemit\u00e9rio\u201d e paisagem a norte do parque, O \u201cSeekoppel\u201d (paisagem a oeste do \u201cMonte das Ru\u00ednas\u201d) e \u201cVoltaireweg\u201d.<\/div>\n<div>&#8211; Jardim Novo (\u201cNeue Garten\u201d): \u201cAlexandrovka\u201d e O \u201cPfingstberg\u201d.<\/div>\n<div>&#8211; Pal\u00e1cio de M\u00e1rmore e Castelo de Cecilienhof<\/div>\n<div>&#8211; Parque e Pal\u00e1cio de Babelsberg: Observat\u00f3rio de \u201cBabelsberg\u201d.<\/div>\n<div><\/div>\n<div>Berlin-Zehlendorf:<\/div>\n<div>&#8211; Castelo e Parque de Kleine-Glienicke: Lago \u201eGleicicker\u201c, \u201eVolkspark\u201c, \u201eNikolskoe\u201c.<\/div>\n<div>&#8211; \u201cIlha dos Pav\u00f5es\u201d (\u201cPfaueninsel\u201d)<\/div>\n<div>&#8211; Monte \u201cB\u00f6ttcher\u201d (\u201cB\u00f6ttcherberg\u201d)<\/div>\n<div>&#8211; Pavilh\u00e3o de Ca\u00e7a de \u201cGlienicke\u201d (\u201cJagdschlo\u00df Glienicke\u201d).<\/div>\n<div>&#8211; Igreja do Salvador (\u201cHeilandskirche\u201d).<\/div>\n<div>&#8211; Pal\u00e1cio e Parque da Vila de \u201cSacrow\u201d: Floresta Real.<\/div>\n<div><\/div>\n<div>Ver:<\/div>\n<div>DEPM0005<\/div>\n<div>DEPM0006<\/div>\n<div>DEPM0007<\/div>\n<div>DEPM0008<\/div>\n<div>DEPM0009<\/div>\n<div>DEPM0010<\/div>\n<div>DEPM0011<\/div>\n<div>&#8212;&#8212;&#8212;&#8212;&#8212;&#8212;&#8212;&#8212;&#8212;&#8212;&#8212;&#8212;&#8212;&#8212;&#8212;&#8212;&#8212;&#8212;&#8212;&#8212;&#8212;&#8212;&#8212;&#8212;&#8212;&#8211;<\/div>\n<div>DEPM0011\u00a0 \u00a0 \u00a0 \u00a0 \u00a0 \u00a0 \u00a0 \u00a0 \u00a0 \u00a0 \u00a0 \u00a0 \u00a0 \u00a0N52 26.210 E13 09.390 (33U 374684 5811224)<\/div>\n<div>Pal\u00e1cios e Parques de Potsdam e Berlim: S\u00e3o 500 ha de parques e 150 edif\u00edcios (1730-1916).<\/div>\n<div><\/div>\n<div>Potsdam:<\/div>\n<div>&#8211; Pal\u00e1cio e Parque de Sans Souci: \u201cLindenallee\u201d, \u201cAntiga Escola de Jardinagem\u201d e a \u201cKaiserbahnhof\u201d, \u201cPal\u00e1cio e Parque de Lindstedt\u201d, \u201cVila de Bornstedt\u201d, \u201cIgreja\u201d, \u201cCemit\u00e9rio\u201d e paisagem a norte do parque, O \u201cSeekoppel\u201d (paisagem a oeste do \u201cMonte das Ru\u00ednas\u201d) e \u201cVoltaireweg\u201d.<\/div>\n<div>&#8211; Jardim Novo (\u201cNeue Garten\u201d): \u201cAlexandrovka\u201d e O \u201cPfingstberg\u201d.<\/div>\n<div>&#8211; Pal\u00e1cio de M\u00e1rmore e Castelo de Cecilienhof<\/div>\n<div>&#8211; Parque e Pal\u00e1cio de Babelsberg: Observat\u00f3rio de \u201cBabelsberg\u201d.<\/div>\n<div><\/div>\n<div>Berlin-Zehlendorf:<\/div>\n<div>&#8211; Castelo e Parque de Kleine-Glienicke: Lago \u201eGleicicker\u201c, \u201eVolkspark\u201c, \u201eNikolskoe\u201c.<\/div>\n<div>&#8211; \u201cIlha dos Pav\u00f5es\u201d (\u201cPfaueninsel\u201d)<\/div>\n<div>&#8211; Monte \u201cB\u00f6ttcher\u201d (\u201cB\u00f6ttcherberg\u201d)<\/div>\n<div>&#8211; Pavilh\u00e3o de Ca\u00e7a de \u201cGlienicke\u201d (\u201cJagdschlo\u00df Glienicke\u201d).<\/div>\n<div>&#8211; Igreja do Salvador (\u201cHeilandskirche\u201d).<\/div>\n<div>&#8211; Pal\u00e1cio e Parque da Vila de \u201cSacrow\u201d: Floresta Real.<\/div>\n<div><\/div>\n<div>Ver:<\/div>\n<div>DEPM0005<\/div>\n<div>DEPM0006<\/div>\n<div>DEPM0007<\/div>\n<div>DEPM0008<\/div>\n<div>DEPM0009<\/div>\n<div>DEPM0010<\/div>\n<div>DEPM0011<\/div>\n<div>&#8212;&#8212;&#8212;&#8212;&#8212;&#8212;&#8212;&#8212;&#8212;&#8212;&#8212;&#8212;&#8212;&#8212;&#8212;&#8212;&#8212;&#8212;&#8212;&#8212;&#8212;&#8212;&#8212;&#8212;&#8212;&#8211;<\/div>\n<div>DEPM0013\u00a0 \u00a0 \u00a0 \u00a0 \u00a0 \u00a0 \u00a0 \u00a0 \u00a0 \u00a0 \u00a0 \u00a0 \u00a0 \u00a0 N50 46.479 E6 05.042 (32U 294417 5628820)<\/div>\n<div>Catedral de Aachen: Foi mandada construir pelo imperador Carlos Magno e fazia parte do seu enorme pal\u00e1cio. Depois o pal\u00e1cio foi destru\u00eddo pelos Normandos. Trata-se de uma Bas\u00edlica Octogonal com a capela palatina &#8211; tamb\u00e9m de formato octogonal, com tribuna &#8211; ao centro. Originalmente foi inspirada nas igrejas da parte Leste do Imp\u00e9rio Romano. Foi muito aumentada na Idade M\u00e9dia.<\/div>\n<div><\/div>\n<div>\u00c9 tamb\u00e9m conhecida por Catedral de Aix-La-Chapelle (&#8220;Aachen&#8221; em franc\u00eas).<\/div>\n<div><\/div>\n<div>Eram aqui coroados os imperadores germ\u00e2nicos na Idade M\u00e9dia.<\/div>\n<div><\/div>\n<div>Est\u00e3o ali as rel\u00edquias de Carlos Magno, as vestes de Cristo e da Virgem e a mortalha de S. Jo\u00e3o Baptista. \u00c9 local de peregrina\u00e7\u00e3o desde o S\u00e9c.X.<\/div>\n<div>&#8212;&#8212;&#8212;&#8212;&#8212;&#8212;&#8212;&#8212;&#8212;&#8212;&#8212;&#8212;&#8212;&#8212;&#8212;&#8212;&#8212;&#8212;&#8212;&#8212;&#8212;&#8212;&#8212;&#8212;&#8212;&#8211;<\/div>\n<div>DEPM0014\u00a0 \u00a0 \u00a0 \u00a0 \u00a0 \u00a0 \u00a0 \u00a0 \u00a0 \u00a0 \u00a0 \u00a0 \u00a0 \u00a0 N49 19.031 E8 26.535 (32U 459464 5462866)<\/div>\n<div>Catedral de Speyer: Foi mandada construir pelo imperador Conrad II. Durante 300 anos foram aqui sepultados os reis da Alemanha. Arquitetura rom\u00e2nica. S\u00e9c.XI. \u00c9 considerada a obra mais importante da Alemanha nessa \u00e9poca.<\/div>\n<div>&#8212;&#8212;&#8212;&#8212;&#8212;&#8212;&#8212;&#8212;&#8212;&#8212;&#8212;&#8212;&#8212;&#8212;&#8212;&#8212;&#8212;&#8212;&#8212;&#8212;&#8212;&#8212;&#8212;&#8212;&#8212;&#8211;<\/div>\n<div>DEPM0015\u00a0 \u00a0 \u00a0 \u00a0 \u00a0 \u00a0 \u00a0 \u00a0 \u00a0 \u00a0 \u00a0 \u00a0 \u00a0 \u00a0 N49 47.567 E9 56.333 (32U 567576 5516014)<\/div>\n<div>Resid\u00eancia de Wurtzburgo com os Jardins do Pal\u00e1cio e Pra\u00e7a da Resid\u00eancia: Ind\u00edcios da regi\u00e3o de Wurtzburgo ser habitada desde 1000 AC. Existia uma povoa\u00e7\u00e3o Celta no local da Fortaleza Marienberg.<\/div>\n<div><\/div>\n<div>&#8211; 686: Cristianiza\u00e7\u00e3o (mission\u00e1rio irland\u00eas Kilian). No local onde est\u00e1 a catedral, foi constru\u00edda a primeira igreja.<\/div>\n<div><\/div>\n<div>&#8211; 1402: Universidade (relan\u00e7ada em 1582).<\/div>\n<div><\/div>\n<div>&#8211; 1720: In\u00edcio da constru\u00e7\u00e3o da &#8220;Residence&#8221;.<\/div>\n<div><\/div>\n<div>&#8211; 1814: Integra\u00e7\u00e3o na Baviera.<\/div>\n<div><\/div>\n<div>&#8211; 1945: Na Segunda Guerra Mundial quase toda a cidade foi destru\u00edda (225 bombardeiros da RAF, em 17 minutos), incluindo quase todos os edif\u00edcios hist\u00f3ricos e monumentos. O centro da cidade, medieval, foi totalmente consumido por um inc\u00eandio (morreram 5000 pessoas).<\/div>\n<div><\/div>\n<div>Durante os 20 anos que se seguiram, foi feito um esfor\u00e7o enorme para recuperar os edif\u00edcios hist\u00f3ricos.<\/div>\n<div><\/div>\n<div>A Resid\u00eancia de Wurtzburgo (barroca) foi mandada construir (1720 e 1744) pelo Pr\u00edncipe-Bispo de Wurtzburgo, Johann Philipp Franz von Sch\u00f6nborn e pelo irm\u00e3o Friedrich Carl von Sch\u00f6nborn. Frescos, Escadaria Central, Capela e o Grande Sal\u00e3o.<\/div>\n<div><\/div>\n<div>Em Wurtzburgo ver tamb\u00e9m a &#8220;Fortaleza de Marienberg&#8221;, no ponto mais alto da cidade, junto \u00e0 Ponte Antiga. \u00c9 o melhor ponto para ver toda a cidade. Ver a &#8220;Ponte Antiga&#8221; (&#8220;Alte Mainbr\u00fccke&#8221;), sobre o rio Meno (&#8220;Main&#8221;) tem est\u00e1tuas de Santos. Ver a Capela (&#8220;K\u00e4ppele&#8221;), barroca\/rococ\u00f3, est\u00e1 numa colina.<\/div>\n<div>&#8212;&#8212;&#8212;&#8212;&#8212;&#8212;&#8212;&#8212;&#8212;&#8212;&#8212;&#8212;&#8212;&#8212;&#8212;&#8212;&#8212;&#8212;&#8212;&#8212;&#8212;&#8212;&#8212;&#8212;&#8212;&#8211;<\/div>\n<div>DEPM0016\u00a0 \u00a0 \u00a0 \u00a0 \u00a0 \u00a0 \u00a0 \u00a0 \u00a0 \u00a0 \u00a0 \u00a0 \u00a0 \u00a0N47 40.877 E10 54.008 (32T 642610 5282625)<\/div>\n<div>Igreja da Peregrina\u00e7\u00e3o de Wies: Est\u00e1 na Floresta Mittenwald, perto do Castelo de Neuschwanstein e de Garmisch-Partenkirchen, entre prados e bosques. \u00c9 uma obra (S\u00e9c.XVIII) de arte do rococ\u00f3 alem\u00e3o e do barroco. Tectos pintados e detalhes da arquitetura s\u00e3o o principal motivo da visita. Existe um imponente \u00f3rg\u00e3o que acompanha as missas. Simples por fora e rebuscada por dentro. \u00c9 local de peregrina\u00e7\u00e3o \u00e0 imagem do Salvador. \u00c9 um dos melhores exemplos da arte barroca na Europa Central. Foi restaurada nos anos 80.<\/div>\n<div>&#8212;&#8212;&#8212;&#8212;&#8212;&#8212;&#8212;&#8212;&#8212;&#8212;&#8212;&#8212;&#8212;&#8212;&#8212;&#8212;&#8212;&#8212;&#8212;&#8212;&#8212;&#8212;&#8212;&#8212;&#8212;&#8211;<\/div>\n<div>DEPM0017\u00a0 \u00a0 \u00a0 \u00a0 \u00a0 \u00a0 \u00a0 \u00a0 \u00a0 \u00a0 \u00a0 \u00a0 \u00a0 \u00a0 N50 49.502 E6 54.587 (32U 352786 5632450)<\/div>\n<div>Castelos de Augustusburg e de Falkenlust em Br\u00fchl:<\/div>\n<div>. Castelo de Augustusburg: Pal\u00e1cio em Br\u00fchl (S\u00e9c.XVIII), no distrito de Rhein-Erft-Kreis, estado da Ren\u00e2nia do Norte-Vestf\u00e1lia. Mandado construir pelo Arcebispo de Col\u00f3nia, Clemente Augusto da Baviera.<\/div>\n<div><\/div>\n<div>&#8211; 1180: Primeira refer\u00eancia documental ao local. O arcebispo de Col\u00f3nia, Philipp von Heinsberg, funda um solar para administrar as propriedades da regi\u00e3o<\/div>\n<div>&#8211; 1285: Br\u00fchl passa a cidade e s\u00e3o estabelecidas Cortes com administra\u00e7\u00e3o pr\u00f3prias.<\/div>\n<div>&#8211; 1469: Br\u00fchl passa a capital do Condado e resid\u00eancia dos Arcebispos de Col\u00f3nia.<\/div>\n<div>&#8211; 1689: O castelo \u00e9 dinamitado por tropas estrangeiras. A maior parte da cidade \u00e9 destru\u00edda pelo fogo.<\/div>\n<div>&#8211; 1725: O Pr\u00edncipe-Eleitor, Clemente Augusto da Baviera promove a constru\u00e7\u00e3o do Pal\u00e1cio Augustusburg no local das ru\u00ednas do castelo.<\/div>\n<div>&#8211; 1728: Melhorias no edif\u00edcio. O edif\u00edcio passa de castelo protegido a moderna resid\u00eancia, inspirada do Pal\u00e1cio de Versailles.<\/div>\n<div>&#8211; 1740: O arquitecto Balthasar Neumann planeia a escadaria rococ\u00f3.<\/div>\n<div>&#8211; 1747 a 1750: Carlo Carlone pinta os afrescos do tecto da escadaria, salas adjacentes e capela Nepomuk.<\/div>\n<div>&#8211; 1769: Conclus\u00e3o das obras que duraram mais de 40 anos.<\/div>\n<div><\/div>\n<div>Depois da Revolu\u00e7\u00e3o Francesa o pal\u00e1cio foi tomado por tropas francesas. As mob\u00edlias foram pilhadas. Napole\u00e3o Bonaparte em 1804 deu o pal\u00e1cio ao Marechal Davout. Lamentavelmente o Marechal negligenciou a propriedade.<\/div>\n<div><\/div>\n<div>&#8211; 1815: O pal\u00e1cio passou para as m\u00e3os dos pr\u00fassios.<\/div>\n<div>&#8211; 1842: O Rei Frederico Guilherme IV da Pr\u00fassia salva o edif\u00edcio mandado renovar as salas.<\/div>\n<div>&#8211; 1876 a 1877: O Pal\u00e1cio \u00e9 usado novamente como resid\u00eancia, pelo Imperador Guilherme I da Alemanha.<\/div>\n<div>&#8211; 1944: Durante a Segunda Guerra Mundial uma bomba atingiu a ala Norte.<\/div>\n<div>&#8211; 1945: A ala principal \u00e9 atingida por um bombardeamento de artilharia. As repara\u00e7\u00f5es foram iniciadas e continuaram mais tarde em larga escala. O edif\u00edcio foi completamente recuperado.<\/div>\n<div>&#8211; 2001: In\u00edcio das visitas tur\u00edsticas regulares e visitas tem\u00e1ticas.<\/div>\n<div><\/div>\n<div>O Pal\u00e1cio \u00e9 rodeado por um parque. Realizam-se aqui os &#8220;Concertos de Pal\u00e1cio de Br\u00fchl&#8221;.<\/div>\n<div><\/div>\n<div>Atualmente pertence ao governo da Ren\u00e2nia do Norte-Vestf\u00e1lia. \u00c9 sede representativa do Presidente da Rep\u00fablica Federal da Alemanha.<\/div>\n<div><\/div>\n<div>Ali perto ver o Museu Max Ernst.<\/div>\n<div><\/div>\n<div>. Castelo de Falkenlust: O &#8220;Schloss&#8221; Falkenlust (S\u00e9c.XVIII) \u00e9 um pal\u00e1cio em Br\u00fchl, distrito de Rhein-Erft-Kreis, estado da Ren\u00e2nia do Norte-Vestf\u00e1lia. Foi mandado construir pelo Arcebispo de Col\u00f3nia, Clemente Augusto da Baviera, para pavilh\u00e3o de ca\u00e7a.<\/div>\n<div><\/div>\n<div>Est\u00e1 rodeado por um parque. H\u00e1 uma alameda que o liga ao Pal\u00e1cio Augustusburg.<\/div>\n<div><\/div>\n<div>&#8211; 1729: In\u00edcio da obra.<\/div>\n<div>&#8211; 1733: Conclus\u00e3o da obra, excepto no que diz respeito a equipamentos interiores.<\/div>\n<div>&#8211; 1794: Edif\u00edcio tomado pelas tropas revolucion\u00e1rias francesas.<\/div>\n<div>&#8211; 1807: Adquirido pelo diplomata alem\u00e3o &#8211; ao servi\u00e7o da Fran\u00e7a &#8211; Karl Friedrich Reinhard.<\/div>\n<div>&#8211; 1832 a 1960: O pal\u00e1cio pertenceu aos Giesler, uma fam\u00edlia de Br\u00fchl. Depois passou para a propriedade do governo da Ren\u00e2nia do Norte-Vestf\u00e1lia.<\/div>\n<div>&#8211; 1730: Constru\u00e7\u00e3o da capela octogonal que existe no parque, numa esp\u00e9cie de gruta. Pequena sacristia e telhado com mansarda.<\/div>\n<div>&#8212;&#8212;&#8212;&#8212;&#8212;&#8212;&#8212;&#8212;&#8212;&#8212;&#8212;&#8212;&#8212;&#8212;&#8212;&#8212;&#8212;&#8212;&#8212;&#8212;&#8212;&#8212;&#8212;&#8212;&#8212;&#8211;<\/div>\n<div>DEPM0018\u00a0 \u00a0 \u00a0 \u00a0 \u00a0 \u00a0 \u00a0 \u00a0 \u00a0 \u00a0 \u00a0 \u00a0 \u00a0 \u00a0 N52 09.167 E9 56.633 (32U 564577 5778451)<\/div>\n<div>Catedral de Santa Maria e Igreja de S\u00e3o Miguel em Hildesheim: Foi constru\u00edda entre 1010 e 1020, sobre um plano sim\u00e9trico com dois lados, como era caracter\u00edstica da arte rom\u00e2nica Otoniana na Sax\u00f3nia antiga. O seu interior, em especial o teto de madeira pintado e trabalhado em estuque, as suas famosas portas e colunas de bronze s\u00e3o &#8211; juntamente com os tesouros da Catedral de Santa Maria &#8211; de excecional interesse como exemplos das igrejas rom\u00e2nicas do Sacro Imp\u00e9rio Romano.<\/div>\n<div>&#8212;&#8212;&#8212;&#8212;&#8212;&#8212;&#8212;&#8212;&#8212;&#8212;&#8212;&#8212;&#8212;&#8212;&#8212;&#8212;&#8212;&#8212;&#8212;&#8212;&#8212;&#8212;&#8212;&#8212;&#8212;&#8211;<\/div>\n<div>DEPM0019\u00a0 \u00a0 \u00a0 \u00a0 \u00a0 \u00a0 \u00a0 \u00a0 \u00a0 \u00a0 \u00a0 \u00a0 \u00a0 \u00a0 N49 45.000 E6 38.000 (32U 329518 5513523)<\/div>\n<div>Monumentos Rom\u00e2nicos, Catedral de S\u00e3o Pedro e Igreja de Nossa Senhora, Treves<\/div>\n<div>&#8212;&#8212;&#8212;&#8212;&#8212;&#8212;&#8212;&#8212;&#8212;&#8212;&#8212;&#8212;&#8212;&#8212;&#8212;&#8212;&#8212;&#8212;&#8212;&#8212;&#8212;&#8212;&#8212;&#8212;&#8212;&#8211;<\/div>\n<div>DEPM0020\u00a0 \u00a0 \u00a0 \u00a0 \u00a0 \u00a0 \u00a0 \u00a0 \u00a0 \u00a0 \u00a0 \u00a0 \u00a0 \u00a0N53 52.004 E10 41.506 (32U 611244 5970021)<\/div>\n<div>Cidade Hanse\u00e1tica de L\u00fcbeck: No norte. L\u00fcbeck (ou Luebeck) \u00e9 uma cidade do Estado de Schleswig-Holstein.<\/div>\n<div><\/div>\n<div>&#8211; 1158: Fundada por Henry, o Le\u00e3o.<\/div>\n<div><\/div>\n<div>Arquitetura Patrim\u00f3nio Hist\u00f3rico da Humanidade. Fazia parte da Liga Hanse\u00e1tica.<\/div>\n<div><\/div>\n<div>Fundada no S\u00e9x.XII, prosperou at\u00e9 ao S\u00e9c.XVI como principal centro de comercio com o Norte da Europa. Ainda hoje \u00e9 um importante centro de comercio mar\u00edtimo, sobretudo com os pa\u00edses n\u00f3rdicos. Apesar dos estragos sofridos durante a 2\u00aa Guerra Mundial, a estrutura da cidade antiga &#8211; maioritariamente dos S\u00e9c.XV e XVI, com mans\u00f5es, monumentos p\u00fablicos como a famosa porta de tijolo de Holstentor, igrejas e armaz\u00e9ns de sal &#8211; mant\u00e9m-se inalterados.<\/div>\n<div>&#8212;&#8212;&#8212;&#8212;&#8212;&#8212;&#8212;&#8212;&#8212;&#8212;&#8212;&#8212;&#8212;&#8212;&#8212;&#8212;&#8212;&#8212;&#8212;&#8212;&#8212;&#8212;&#8212;&#8212;&#8212;&#8211;<\/div>\n<div>DEPM0021\u00a0 \u00a0 \u00a0 \u00a0 \u00a0 \u00a0 \u00a0 \u00a0 \u00a0 \u00a0 \u00a0 \u00a0 \u00a0 \u00a0 N49 39.221 E8 34.115 (32U 468860 5500216)<\/div>\n<div>Abadia e Altenm\u00fcnster de Lorsch: A Abadia, juntamente com o seu monumento de entrada, o famoso Torhall, s\u00e3o raros vest\u00edgios da arquitetura da Era Caroliniana. As esculturas e pinturas deste per\u00edodo est\u00e3o ainda em not\u00e1vel bom estado.<\/div>\n<div>&#8212;&#8212;&#8212;&#8212;&#8212;&#8212;&#8212;&#8212;&#8212;&#8212;&#8212;&#8212;&#8212;&#8212;&#8212;&#8212;&#8212;&#8212;&#8212;&#8212;&#8212;&#8212;&#8212;&#8212;&#8212;&#8211;<\/div>\n<div>DEPM0022\u00a0 \u00a0 \u00a0 \u00a0 \u00a0 \u00a0 \u00a0 \u00a0 \u00a0 \u00a0 \u00a0 \u00a0 \u00a0 \u00a0N50 58.486 E11 19.769 (32U 663539 5649603)<\/div>\n<div>Bauhaus e seus s\u00edtios em Weimar e Dessau: Entre 1919 e 1933, a escola de Bauhaus, sedeada inicialmente em Weimar e depois em Dessau, revolucionou conceitos e pr\u00e1ticas arquitet\u00f3nicas e est\u00e9ticos. Os im\u00f3veis, constru\u00eddos e decorados pelos professores da escola (Walter Gropius, Hannes Meyer, Laszlo Moholy &#8211; Nagy e Wassily Kandinsky), lan\u00e7ou o Movimento Moderno, que influenciou bastante a arquitetura do S\u00e9c.XX.<\/div>\n<div>&#8212;&#8212;&#8212;&#8212;&#8212;&#8212;&#8212;&#8212;&#8212;&#8212;&#8212;&#8212;&#8212;&#8212;&#8212;&#8212;&#8212;&#8212;&#8212;&#8212;&#8212;&#8212;&#8212;&#8212;&#8212;&#8211;<\/div>\n<div>DEPM0023\u00a0 \u00a0 \u00a0 \u00a0 \u00a0 \u00a0 \u00a0 \u00a0 \u00a0 \u00a0 \u00a0 \u00a0 \u00a0 \u00a0N50 58.650 E11 19.717 (32U 663467 5649904)<\/div>\n<div>Weimar Cl\u00e1ssica: Pequena cidade (Tur\u00edngia de Weimar). Terra de Goethe e Schiller. No final do S\u00e9c.18 e in\u00edcio do S\u00e9c.19 teve um grande desenvolvimento cultural, atraindo muitos escritores e estudiosos. Esta evolu\u00e7\u00e3o reflecte-se na elevada qualidade de muitos dos edif\u00edcios e dos parques na \u00e1rea circundante.<\/div>\n<div>&#8212;&#8212;&#8212;&#8212;&#8212;&#8212;&#8212;&#8212;&#8212;&#8212;&#8212;&#8212;&#8212;&#8212;&#8212;&#8212;&#8212;&#8212;&#8212;&#8212;&#8212;&#8212;&#8212;&#8212;&#8212;&#8211;<\/div>\n<div>DEPM0024\u00a0 \u00a0 \u00a0 \u00a0 \u00a0 \u00a0 \u00a0 \u00a0 \u00a0 \u00a0 \u00a0 \u00a0 \u00a0 \u00a0N51 47.000 E11 09.000 (32U 648302 5739127)<\/div>\n<div>Igreja da Colegiada, Castelo e Centro Hist\u00f3rico de Quedlinburg: Quedlinburg, em terras de Sachsen-Anhalt, foi a capital oriental do imp\u00e9rio franco-germ\u00e2nico. \u00c9 uma cidade comercial pr\u00f3spera desde a Idade M\u00e9dia. A quantidade e qualidade de edif\u00edcios com enquadramento de madeira, faz de Quedlinburgum um excecional exemplo de uma cidade europeia medieval. A Igreja Colegiada de St. Servatius \u00e9 uma das obras primas da arquitetura rom\u00e2nica.<\/div>\n<div>&#8212;&#8212;&#8212;&#8212;&#8212;&#8212;&#8212;&#8212;&#8212;&#8212;&#8212;&#8212;&#8212;&#8212;&#8212;&#8212;&#8212;&#8212;&#8212;&#8212;&#8212;&#8212;&#8212;&#8212;&#8212;&#8211;<\/div>\n<div>DEPM0025\u00a0 \u00a0 \u00a0 \u00a0 \u00a0 \u00a0 \u00a0 \u00a0 \u00a0 \u00a0 \u00a0 \u00a0 \u00a0 \u00a0 N50 56.467 E6 57.433 (32U 356484 5645263)<\/div>\n<div>Catedral de Col\u00f3nia: Em alem\u00e3o \u201cK\u00f6lner Dom\u201d. Em Col\u00f3nia. Igreja de estilo g\u00f3tico. Principal motivo de interesse na cidade e s\u00edmbolo n\u00e3o-oficial.<\/div>\n<div><\/div>\n<div>In\u00edcio da constru\u00e7\u00e3o no s\u00e9c.XIII e durou mais de 600 anos. Torres com 157 metros. Catedral com 144 metros de comprimento e 86 metros de largura. Em 1880 (quando foi terminada), era o pr\u00e9dio mais alto do mundo. Dedicada a S\u00e3o Pedro e a Maria.<\/div>\n<div><\/div>\n<div>No local estava um templo romano S\u00e9c.IV). Era um ed\u00edficio quadrado (&#8220;a mais velha catedral&#8221;) e foi administrada pelo primeiro bispo crist\u00e3o de Col\u00f3nia (Maternus). Depois foi ali constru\u00edda (818) outra igreja (&#8220;Velha Catedral&#8221;) que foi queimada em 1248.<\/div>\n<div><\/div>\n<div>Durante a Segunda Guerra Mundial ca\u00edram ali 14 bombas que s\u00f3 por sorte n\u00e3o fizeram cair a Catedral. Foi reconstru\u00edda em 1956.<\/div>\n<div>&#8212;&#8212;&#8212;&#8212;&#8212;&#8212;&#8212;&#8212;&#8212;&#8212;&#8212;&#8212;&#8212;&#8212;&#8212;&#8212;&#8212;&#8212;&#8212;&#8212;&#8212;&#8212;&#8212;&#8212;&#8212;&#8211;<\/div>\n<div>DEPM0026\u00a0 \u00a0 \u00a0 \u00a0 \u00a0 \u00a0 \u00a0 \u00a0 \u00a0 \u00a0 \u00a0 \u00a0 \u00a0 \u00a0N51 02.400 E13 49.267 (33U 417350 5654934)<\/div>\n<div>Vale do Rio Elba em Dresden: A paisagem cultural de Dresden Elba Valley dos S\u00e9c.XVIII e XIX, estende-se por cerca de 18 km, ao longo do rio, desde o Pal\u00e1cio de \u00dcbigau e campos de Ostragehege no Noroeste, at\u00e9 ao Pal\u00e1cio de Pillnitz e Ilha do rio Elba no Sudeste. Apresenta prados baixos e \u00e9 coroada pelo Pal\u00e1cio de Pillnitz e pelo centro da cidade de Dresden, com os seus in\u00fameros monumentos e parques dos S\u00e9c.XVI a XX. A paisagem tamb\u00e9m disp\u00f5e de villas e jardins suburbanos dos s\u00e9c.XIX e XX e valiosos recursos naturais. Alguns terra\u00e7os nas encostas junto ao rio ainda s\u00e3o utilizados para viticultura e algumas antigas aldeias tem mantido sua estrutura hist\u00f3rica e elementos da revolu\u00e7\u00e3o industrial, nomeadamente a Blue Wonder, ponte de a\u00e7o de 147 metros (1891-1893), a \u00fanica via ferrovi\u00e1ria suspens\u00e3o cabo ferrovi\u00e1ria ( 1898-1901), bem como o funicular (1894-1895). O passageiro steamships (o mais antigo de 1879) e navais (ca 1900) ainda est\u00e3o em uso.<\/div>\n<div>&#8212;&#8212;&#8212;&#8212;&#8212;&#8212;&#8212;&#8212;&#8212;&#8212;&#8212;&#8212;&#8212;&#8212;&#8212;&#8212;&#8212;&#8212;&#8212;&#8212;&#8212;&#8212;&#8212;&#8212;&#8212;&#8211;<\/div>\n<div>DEPM0027\u00a0 \u00a0 \u00a0 \u00a0 \u00a0 \u00a0 \u00a0 \u00a0 \u00a0 \u00a0 \u00a0 \u00a0 \u00a0 \u00a0N51 50.550 E12 25.250 (33U 322332 5746666)<\/div>\n<div>Reino dos Jardins de Dessau-W\u00f6rlitz: O Jardim do Reino de Dessau-W\u00f6rlitz \u00e9 um exemplo excecional de design paisag\u00edstico e planeamento da Idade das Luzes do S\u00e9c.XVIII. Os seus diversos componentes &#8211; edif\u00edcios extraordin\u00e1rios, parques e jardins paisag\u00edsticos em estilo Ingl\u00eas, e extens\u00f5es de terrenos agr\u00edcolas subtilmente modificados &#8211; servem objetivos est\u00e9ticos, educativos e econ\u00f3micos, de uma forma exemplar.<\/div>\n<div>&#8212;&#8212;&#8212;&#8212;&#8212;&#8212;&#8212;&#8212;&#8212;&#8212;&#8212;&#8212;&#8212;&#8212;&#8212;&#8212;&#8212;&#8212;&#8212;&#8212;&#8212;&#8212;&#8212;&#8212;&#8212;&#8211;<\/div>\n<div>DEPM0028\u00a0 \u00a0 \u00a0 \u00a0 \u00a0 \u00a0 \u00a0 \u00a0 \u00a0 \u00a0 \u00a0 \u00a0 \u00a0 \u00a0N54 18.150 E13 05.117 (33U 375410 6018870)<\/div>\n<div>Centros Hist\u00f3ricos de Stralsund e Wismar: As vilas medievais de Stralsund e Wismar, na costa do Mar B\u00e1ltico, Norte da Alemanha, foram grandes centros comerciais da Liga Hanse\u00e1tica, nos S\u00e9c. XIV e XV. Nos S\u00e9c.XVII e XVIII tornaram-se centros suecos, administrativos e defensivos, para o territ\u00f3rio alem\u00e3o. Contribu\u00edram para o desenvolvimento dos tipos e caracter\u00edsticas t\u00e9cnicas da constru\u00e7\u00e3o de edif\u00edcios de tijolo g\u00f3ticos, na regi\u00e3o do B\u00e1ltico, como exemplificado em v\u00e1rias importantes catedrais de tijolo como a C\u00e2mara Municipal de Stralsund e para um conjunto de casas residenciais, comerciais e artesanais, representando a sua evolu\u00e7\u00e3o ao longo de v\u00e1rios s\u00e9culos.<\/div>\n<div>&#8212;&#8212;&#8212;&#8212;&#8212;&#8212;&#8212;&#8212;&#8212;&#8212;&#8212;&#8212;&#8212;&#8212;&#8212;&#8212;&#8212;&#8212;&#8212;&#8212;&#8212;&#8212;&#8212;&#8212;&#8212;&#8211;<\/div>\n<div>DEPM0029\u00a0 \u00a0 \u00a0 \u00a0 \u00a0 \u00a0 \u00a0 \u00a0 \u00a0 \u00a0 \u00a0 \u00a0 \u00a0 \u00a0N51 51.883 E12 39.167 (33U 338388 5748597)<\/div>\n<div>Memoriais a Lutero em Eisleben e Wittenberg: Estes lugares, na Sax\u00f3nia-Anhalt, est\u00e3o todos associados \u00e0s vidas de Martin Luther e seu companheiro reformador Melanchthon. Incluem a casa de Melanchthon em Wittenberg, as casas em Eisleben onde Lutero nasceu (1483) e morreu (1546), o seu quarto em Wittenberg, a igreja local e o castelo-igreja onde, em 1517, Lutero colocou o seu famoso &#8220;95 Theses&#8221;, que lan\u00e7ou a Reforma e uma nova era na hist\u00f3ria pol\u00edtica e religiosa do mundo ocidental.<\/div>\n<div>&#8212;&#8212;&#8212;&#8212;&#8212;&#8212;&#8212;&#8212;&#8212;&#8212;&#8212;&#8212;&#8212;&#8212;&#8212;&#8212;&#8212;&#8212;&#8212;&#8212;&#8212;&#8212;&#8212;&#8212;&#8212;&#8211;<\/div>\n<div>DEPM0030\u00a0 \u00a0 \u00a0 \u00a0 \u00a0 \u00a0 \u00a0 \u00a0 \u00a0 \u00a0 \u00a0 \u00a0 \u00a0 \u00a0 N49 00.050 E8 48.784 (32U 486327 5427565)<\/div>\n<div>Complexo do Mosteiro de Maulbronn: Mosteiro medieval (S\u00e9c.XII). Fica em Baden-W\u00fcrttemberg. Aldeia dentro da aldeia. Porta pitoresca. Muralhas, torres, castelo de ca\u00e7a, moinho, estrebaria, pr\u00e9dios administrativos, hospital, ferraria, celeiro e diversos outros pr\u00e9dios secund\u00e1rios. Pra\u00e7a ampla e silenciosa. Fonte. \u00c1rvores antigas. Casas de pedra. Igreja. Sagu\u00e3o de estilo rom\u00e2nico (&#8220;para\u00edso&#8221;).<\/div>\n<div><\/div>\n<div>(&#8230;) Maulbronn \u00e9 o inferno com o para\u00edso dentro (Hermann Hesse, escritor, Premio Nobel da Literatura de 1946 e ex-aluno de Maulbronn, que escreveu o conto &#8220;Sob a roda&#8221;).<\/div>\n<div><\/div>\n<div>Os alunos viviam em regime de internato. Tinham aulas de grego, hebraico, matem\u00e1tica e sofriam castigos f\u00edsicos.<\/div>\n<div><\/div>\n<div>175.000 visitantes anuais. O governo gasta 1 a 2 milh\u00f5es de euros anuais na sua manuten\u00e7\u00e3o, pelo que est\u00e1 muito bem conservado.<\/div>\n<div><\/div>\n<div>Viveram ali monges cat\u00f3licos.<\/div>\n<div><\/div>\n<div>&#8211; 1504: Passou para as m\u00e3os dos W\u00fcrttemberg. Os religiosos foram expulsos a tiro de canh\u00e3o. Depois tornou-se protestante.<\/div>\n<div>&#8211; 1556: Criou-se uma escola no mosteiro. Ainda hoje se fazem cursos de n\u00edvel m\u00e9dio.<\/div>\n<div>&#8212;&#8212;&#8212;&#8212;&#8212;&#8212;&#8212;&#8212;&#8212;&#8212;&#8212;&#8212;&#8212;&#8212;&#8212;&#8212;&#8212;&#8212;&#8212;&#8212;&#8212;&#8212;&#8212;&#8212;&#8212;&#8211;<\/div>\n<div>DEPM0031\u00a0 \u00a0 \u00a0 \u00a0 \u00a0 \u00a0 \u00a0 \u00a0 \u00a0 \u00a0 \u00a0 \u00a0 \u00a0 \u00a0 N49 55.000 E8 45.233 (32U 482331 5529395)<\/div>\n<div>S\u00edtio Fossil\u00edfero de Messel: Messel Pit \u00e9 o melhor local do Mundo para a compreens\u00e3o do ambiente vivo da Eocene no per\u00edodo entre 57 milh\u00f5es e 36 milh\u00f5es de anos atr\u00e1s. Em particular, fornece informa\u00e7\u00f5es \u00fanicas sobre as primeiras fases da evolu\u00e7\u00e3o dos mam\u00edferos, o que inclui f\u00f3sseis de mam\u00edferos excecionalmente bem preservado, desde esqueletos inteiramente articulados at\u00e9 ao conte\u00fado de est\u00f4magos de animais deste per\u00edodo.<\/div>\n<div>&#8212;&#8212;&#8212;&#8212;&#8212;&#8212;&#8212;&#8212;&#8212;&#8212;&#8212;&#8212;&#8212;&#8212;&#8212;&#8212;&#8212;&#8212;&#8212;&#8212;&#8212;&#8212;&#8212;&#8212;&#8212;&#8211;<\/div>\n<div>DEPM0032\u00a0 \u00a0 \u00a0 \u00a0 \u00a0 \u00a0 \u00a0 \u00a0 \u00a0 \u00a0 \u00a0 \u00a0 \u00a0 \u00a0N51 53.400 E10 25.234 (32U 597759 5749757)<\/div>\n<div>Minas de Rammelsberg e Cidade Hist\u00f3rica de Goslar: Situada perto das minas de Rammelsberg, Goslar teve um papel importante na liga Hanse\u00e1tica gra\u00e7as aos ricos dep\u00f3sitos de min\u00e9rio de Rammelsberg. Do S\u00e9c.X ao S\u00e9c.XII foi um dos locais importantes do Sagrado Imp\u00e9rio Romano da Na\u00e7\u00e3o Germ\u00e2nica. O seu bem preservado centro hist\u00f3rico medieval tem cerca de 1500 casas parcialmente constru\u00eddas com madeira, do S\u00e9c.XV ao S\u00e9c.XIX.<\/div>\n<div>&#8212;&#8212;&#8212;&#8212;&#8212;&#8212;&#8212;&#8212;&#8212;&#8212;&#8212;&#8212;&#8212;&#8212;&#8212;&#8212;&#8212;&#8212;&#8212;&#8212;&#8212;&#8212;&#8212;&#8212;&#8212;&#8211;<\/div>\n<div>DEPM0033\u00a0 \u00a0 \u00a0 \u00a0 \u00a0 \u00a0 \u00a0 \u00a0 \u00a0 \u00a0 \u00a0 \u00a0 \u00a0 \u00a0 N47 41.923 E9 03.678 (32T 504600 5282817)<\/div>\n<div>Ilha Mon\u00e1stica de Reichenau: A ilha de Reichenau, no Lago Constan\u00e7a, preserva os tra\u00e7os do mosteiro beneditino, fundado em 724, que exerceu not\u00e1vel influ\u00eancia espiritual, intelectual e art\u00edstica. As igrejas de Santa Maria e Marcus, S. Pedro e S. Paulo e S\u00e3o Jorge, principalmente constru\u00eddas entre os S\u00e9c.IX e XI, fornecem um panorama do in\u00edcio da arquitetura medieval mon\u00e1stica na Europa Central. As suas pinturas de parede s\u00e3o testemunho de uma impressionante atividade art\u00edstica.<\/div>\n<div>&#8212;&#8212;&#8212;&#8212;&#8212;&#8212;&#8212;&#8212;&#8212;&#8212;&#8212;&#8212;&#8212;&#8212;&#8212;&#8212;&#8212;&#8212;&#8212;&#8212;&#8212;&#8212;&#8212;&#8212;&#8212;&#8211;<\/div>\n<div>DEPM0034\u00a0 \u00a0 \u00a0 \u00a0 \u00a0 \u00a0 \u00a0 \u00a0 \u00a0 \u00a0 \u00a0 \u00a0 \u00a0 \u00a0N52 31.183 E13 23.917 (33U 391345 5820051)<\/div>\n<div>Museumsinsel (Ilha dos Museus), Berlim: O museu, como fen\u00f3meno social, deve a sua origem \u00e0 Idade do Iluminismo no S\u00e9c.XVIII. Os cinco museus do Museumsinsel em Berlim, constru\u00eddos entre 1824 e 1930, s\u00e3o a realiza\u00e7\u00e3o de um projeto vision\u00e1rio e mostram a evolu\u00e7\u00e3o das abordagens de design museu ao longo do S\u00e9c.XX. Cada museu foi concebido de modo a estabelecer uma liga\u00e7\u00e3o org\u00e2nica com a arte que alberga. A import\u00e2ncia das cole\u00e7\u00f5es do museu &#8211; que tra\u00e7am o desenvolvimento das civiliza\u00e7\u00f5es ao longo dos s\u00e9culos &#8211; \u00e9 refor\u00e7ada pelo urbanismo e qualidade arquitet\u00f3nica dos edif\u00edcios.<\/div>\n<div>&#8212;&#8212;&#8212;&#8212;&#8212;&#8212;&#8212;&#8212;&#8212;&#8212;&#8212;&#8212;&#8212;&#8212;&#8212;&#8212;&#8212;&#8212;&#8212;&#8212;&#8212;&#8212;&#8212;&#8212;&#8212;&#8211;<\/div>\n<div>DEPM0035\u00a0 \u00a0 \u00a0 \u00a0 \u00a0 \u00a0 \u00a0 \u00a0 \u00a0 \u00a0 \u00a0 \u00a0 \u00a0 \u00a0N51 34.758 E14 43.587 (33U 481045 5714285)<\/div>\n<div>Parque Muskauer-Muzakowski: S\u00edtio transfronteiri\u00e7o com a Pol\u00f3nia.<\/div>\n<div>Este parque paisag\u00edstico de 559,90 ha, com o rio Neisse e na fronteira entre a Pol\u00f3nia e a Alemanha, foi criado pelo pr\u00edncipe Hermann von Puckler-Muskau entre 1815 e 1844. Combinando perfeitamente com a paisagem agr\u00e1ria circundante, o parque foi pioneiro em novas abordagens de conce\u00e7\u00e3o de paisagem e influenciou o desenvolvimento da arquitetura paisag\u00edstica na Europa e na Am\u00e9rica. Concebido como uma &#8220;pintura com plantas&#8221;, n\u00e3o procurou evocar paisagens cl\u00e1ssicas, para\u00edsos ou perfei\u00e7\u00f5es perdidas e, em vez disso utilizou plantas locais para refor\u00e7ar as qualidades intr\u00ednsecas da paisagem existente. Esta paisagem integrada estende-se pela cidade de Muskau com passagens verdes que formam parques urbanos de enquadramento \u00e0s \u00e1reas de desenvolvimento. A cidade tornou-se assim uma componente da conce\u00e7\u00e3o de paisagem ut\u00f3pica. O local tamb\u00e9m tem um castelo reconstru\u00eddo, pontes e um &#8220;arboretum&#8221;.<\/div>\n<div>&#8212;&#8212;&#8212;&#8212;&#8212;&#8212;&#8212;&#8212;&#8212;&#8212;&#8212;&#8212;&#8212;&#8212;&#8212;&#8212;&#8212;&#8212;&#8212;&#8212;&#8212;&#8212;&#8212;&#8212;&#8212;&#8211;<\/div>\n<div>DEPM0037\u00a0 \u00a0 \u00a0 \u00a0 \u00a0 \u00a0 \u00a0 \u00a0 \u00a0 \u00a0 \u00a0 \u00a0 \u00a0 \u00a0 N53 04.558 E8 48.448 (32U 487102 5880739)<\/div>\n<div>C\u00e2mara Municipal e Est\u00e1tua de Rolando no Mercado de Bremen: Antiga C\u00e2mara Municipal (S\u00e9c.XV) e Est\u00e1tua de Rolando (1404) no mercado de Bremen. A est\u00e1tua tem 5,5 metros de altura. Representa\u00e7\u00f5es do Sacro Imp\u00e9rio Romano na Europa. A antiga c\u00e2mara municipal foi constru\u00edda em estilo g\u00f3tico, no in\u00edcio do S\u00e9c.XV, ap\u00f3s Bremen ter aderido \u00e0 Liga Hanse\u00e1tica. O edif\u00edcio foi renovado no chamado estilo Renascentista de Weser, no in\u00edcio do S\u00e9c.XVII. A nova c\u00e2mara municipal foi constru\u00edda ao lado da antiga, no in\u00edcio do S\u00e9c.XX, como parte de um conjunto que sobreviveu aos bombardeamentos durante a Segunda Guerra Mundial.<\/div>\n<div>&#8212;&#8212;&#8212;&#8212;&#8212;&#8212;&#8212;&#8212;&#8212;&#8212;&#8212;&#8212;&#8212;&#8212;&#8212;&#8212;&#8212;&#8212;&#8212;&#8212;&#8212;&#8212;&#8212;&#8212;&#8212;&#8211;<\/div>\n<div>DEPM0038\u00a0 \u00a0 \u00a0 \u00a0 \u00a0 \u00a0 \u00a0 \u00a0 \u00a0 \u00a0 \u00a0 \u00a0 \u00a0 \u00a0N49 53.500 E10 53.333 (32U 635671 5528297)<\/div>\n<div>Cidade de Bamberg: Na Baviera, Franc\u00f3nia Superior junto ao Rio Regnitz e perto de onde este desagua no rio Meno.<\/div>\n<div><\/div>\n<div>Cresceu ao torno do castelo (Babenberch) que deu o nome \u00e0 fam\u00edlia Babenberg.<\/div>\n<div><\/div>\n<div>Chegou a haver na ali uma \u201cpris\u00e3o das bruxas\u201d mas da qual nunca foram encontrados vest\u00edgios. H\u00e1 no entanto algumas descri\u00e7\u00f5es detalhadas (por exemplo de Johannes Junius).<\/div>\n<div><\/div>\n<div>&#8211; 1647: Universidade de Bamberg (\u201cAcademia Bambergensis\u201d).<\/div>\n<div>Depois da Primeira Guerra Mundial o governo fugiu dos comunistas para Bamberg e ali ficou quase dois anos. A primeira constitui\u00e7\u00e3o republicana da Baviera foi aprovada em Bamberg (chamada \u201cBamberger Verfassung\u201d que significa \u201cConstitui\u00e7\u00e3o de Bamberg\u201d).<\/div>\n<div>&#8212;&#8212;&#8212;&#8212;&#8212;&#8212;&#8212;&#8212;&#8212;&#8212;&#8212;&#8212;&#8212;&#8212;&#8212;&#8212;&#8212;&#8212;&#8212;&#8212;&#8212;&#8212;&#8212;&#8212;&#8212;&#8211;<\/div>\n<div>DEPM0040\u00a0 \u00a0 \u00a0 \u00a0 \u00a0 \u00a0 \u00a0 \u00a0 \u00a0 \u00a0 \u00a0 \u00a0 \u00a0 \u00a0 N50 10.417 E7 41.650 (32U 406754 5558750)<\/div>\n<div>Vale do Alto M\u00e9dio Reno: O tro\u00e7o de 65 Km do M\u00e9dio Vale do Reno, com seus castelos, cidades hist\u00f3ricas e vinhas, ilustra graficamente a longa hist\u00f3ria de envolvimento humano com uma dram\u00e1tica e variada paisagem natural. Ela est\u00e1 intimamente associada a hist\u00f3rias e lendas e durante s\u00e9culos tem exercido uma poderosa influ\u00eancia sobre escritores, artistas e compositores.<\/div>\n<div>&#8212;&#8212;&#8212;&#8212;&#8212;&#8212;&#8212;&#8212;&#8212;&#8212;&#8212;&#8212;&#8212;&#8212;&#8212;&#8212;&#8212;&#8212;&#8212;&#8212;&#8212;&#8212;&#8212;&#8212;&#8212;&#8211;<\/div>\n<div>DEPM0041\u00a0 \u00a0 \u00a0 \u00a0 \u00a0 \u00a0 \u00a0 \u00a0 \u00a0 \u00a0 \u00a0 \u00a0 \u00a0 \u00a0N50 58.007 E10 18.420 (32U 591776 5646944)<\/div>\n<div>Castelo de Wartburg: O castelo de Wartburg encaixa de forma soberba no ambiente envolvente e nas vizinhan\u00e7as florestais e \u00e9, em muitos aspetos, o &#8220;castelo ideal&#8221;. Embora tenha conservado alguns sec\u00e7\u00f5es originais do per\u00edodo feudal, a forma que adquiriu durante a reconstitui\u00e7\u00e3o no S\u00e9c.XIX, d\u00e1 uma boa ideia do que esta fortaleza pode ter sido no auge do seu poder militar e senhorial. Foi durante seu ex\u00edlio no Castelo de Wartburg que Martin Luther traduziu o Novo Testamento em alem\u00e3o.<\/div>\n<div>&#8212;&#8212;&#8212;&#8212;&#8212;&#8212;&#8212;&#8212;&#8212;&#8212;&#8212;&#8212;&#8212;&#8212;&#8212;&#8212;&#8212;&#8212;&#8212;&#8212;&#8212;&#8212;&#8212;&#8212;&#8212;&#8211;<\/div>\n<div>DEPM0042\u00a0 \u00a0 \u00a0 \u00a0 \u00a0 \u00a0 \u00a0 \u00a0 \u00a0 \u00a0 \u00a0 \u00a0 \u00a0 \u00a0 N51 29.483 E7 02.767 (32U 364356 5706282)<\/div>\n<div>Complexo Industrial da Mina de Carv\u00e3o de Zollverein em Essen: O complexo industrial de Zollverein, em Land Nordrhein-Westfalen, consiste na completa infraestrutura de um s\u00edtio hist\u00f3rico de minera\u00e7\u00e3o de carv\u00e3o, com alguns edif\u00edcios do S\u00e9c.XX, de excecional m\u00e9rito arquitet\u00f3nico. Constitui prova material not\u00e1vel da evolu\u00e7\u00e3o e decl\u00ednio de um sector essencial ao longo dos \u00faltimos 150 anos.<\/div>\n<div>&#8212;&#8212;&#8212;&#8212;&#8212;&#8212;&#8212;&#8212;&#8212;&#8212;&#8212;&#8212;&#8212;&#8212;&#8212;&#8212;&#8212;&#8212;&#8212;&#8212;&#8212;&#8212;&#8212;&#8212;&#8212;&#8211;<\/div>\n<div>DEPM0043\u00a0 \u00a0 \u00a0 \u00a0 \u00a0 \u00a0 \u00a0 \u00a0 \u00a0 \u00a0 \u00a0 \u00a0 \u00a0 \u00a0 N49 14.666 E6 51.000 (32U 343520 5456854)<\/div>\n<div>Siderurgia de V\u00f6lklingen: A \u00e1rea siderurgia de V\u00f6lklingen cobre cerca 6 ha. Apesar de ter deixado recentemente de produzir, \u00e9 o \u00fanico exemplo intacto, em toda a Europa Ocidental e Am\u00e9rica do Norte, de uma forma sider\u00fargica integrada, que foi constru\u00edda e equipada nos S\u00e9c.XIX e XX e que se manteve intacta.<\/div>\n<div>&#8212;&#8212;&#8212;&#8212;&#8212;&#8212;&#8212;&#8212;&#8212;&#8212;&#8212;&#8212;&#8212;&#8212;&#8212;&#8212;&#8212;&#8212;&#8212;&#8212;&#8212;&#8212;&#8212;&#8212;&#8212;&#8211;<\/div>\n<\/div>\n","protected":false},"excerpt":{"rendered":"<p>Conhece a Alemanha<\/p>\n","protected":false},"author":1,"featured_media":0,"comment_status":"open","ping_status":"open","sticky":false,"template":"","format":"aside","meta":{"_acf_changed":false,"_bbp_topic_count":0,"_bbp_reply_count":0,"_bbp_total_topic_count":0,"_bbp_total_reply_count":0,"_bbp_voice_count":0,"_bbp_anonymous_reply_count":0,"_bbp_topic_count_hidden":0,"_bbp_reply_count_hidden":0,"_bbp_forum_subforum_count":0,"_monsterinsights_skip_tracking":false,"_monsterinsights_sitenote_active":false,"_monsterinsights_sitenote_note":"","_monsterinsights_sitenote_category":0,"_s2mail":"yes","footnotes":""},"categories":[78],"tags":[30,412,380],"class_list":["post-1888","post","type-post","status-publish","format-aside","hentry","category-alemanha","tag-alemanha","tag-europa","tag-europa-do-norte","post_format-post-format-aside"],"acf":[],"yoast_head":"<!-- This site is optimized with the Yoast SEO plugin v27.4 - https:\/\/yoast.com\/product\/yoast-seo-wordpress\/ -->\n<title>Alemanha - Rituais em viagem<\/title>\n<meta name=\"description\" content=\"Conhece a Alemanha\" \/>\n<meta name=\"robots\" content=\"index, follow, max-snippet:-1, max-image-preview:large, max-video-preview:-1\" \/>\n<link rel=\"canonical\" href=\"http:\/\/rituais.com\/rituais\/alemanha\/\" \/>\n<meta property=\"og:locale\" content=\"pt_PT\" \/>\n<meta property=\"og:type\" content=\"article\" \/>\n<meta property=\"og:title\" content=\"Alemanha - Rituais em viagem\" \/>\n<meta property=\"og:description\" content=\"Conhece a Alemanha\" \/>\n<meta property=\"og:url\" content=\"http:\/\/rituais.com\/rituais\/alemanha\/\" \/>\n<meta property=\"og:site_name\" content=\"Rituais em viagem\" \/>\n<meta property=\"article:publisher\" content=\"https:\/\/www.facebook.com\/RituaisemViagem\/\" \/>\n<meta property=\"article:published_time\" content=\"2018-08-24T11:28:11+00:00\" \/>\n<meta property=\"article:modified_time\" content=\"2020-03-19T13:12:05+00:00\" \/>\n<meta property=\"og:image\" content=\"http:\/\/rituais.com\/rituais\/wp-content\/uploads\/2017\/03\/Pictograma-Rituais.png\" \/>\n\t<meta property=\"og:image:width\" content=\"106\" \/>\n\t<meta property=\"og:image:height\" content=\"108\" \/>\n\t<meta property=\"og:image:type\" content=\"image\/png\" \/>\n<meta name=\"author\" content=\"Rituais\" \/>\n<meta name=\"twitter:card\" content=\"summary_large_image\" \/>\n<meta name=\"twitter:creator\" content=\"@Rituais_\" \/>\n<meta name=\"twitter:site\" content=\"@Rituais_\" \/>\n<meta name=\"twitter:label1\" content=\"Escrito por\" \/>\n\t<meta name=\"twitter:data1\" content=\"Rituais\" \/>\n\t<meta name=\"twitter:label2\" content=\"Tempo estimado de leitura\" \/>\n\t<meta name=\"twitter:data2\" content=\"26 minutos\" \/>\n<script type=\"application\/ld+json\" class=\"yoast-schema-graph\">{\"@context\":\"https:\\\/\\\/schema.org\",\"@graph\":[{\"@type\":\"Article\",\"@id\":\"http:\\\/\\\/rituais.com\\\/rituais\\\/alemanha\\\/#article\",\"isPartOf\":{\"@id\":\"http:\\\/\\\/rituais.com\\\/rituais\\\/alemanha\\\/\"},\"author\":{\"name\":\"Rituais\",\"@id\":\"http:\\\/\\\/rituais.com\\\/rituais\\\/#\\\/schema\\\/person\\\/870e89c4f22431a2aa76983d000bb227\"},\"headline\":\"Alemanha\",\"datePublished\":\"2018-08-24T11:28:11+00:00\",\"dateModified\":\"2020-03-19T13:12:05+00:00\",\"mainEntityOfPage\":{\"@id\":\"http:\\\/\\\/rituais.com\\\/rituais\\\/alemanha\\\/\"},\"wordCount\":5149,\"commentCount\":0,\"publisher\":{\"@id\":\"http:\\\/\\\/rituais.com\\\/rituais\\\/#organization\"},\"keywords\":[\"Alemanha\",\"Europa\",\"Europa do Norte\"],\"articleSection\":[\"Alemanha\"],\"inLanguage\":\"pt-PT\",\"potentialAction\":[{\"@type\":\"CommentAction\",\"name\":\"Comment\",\"target\":[\"http:\\\/\\\/rituais.com\\\/rituais\\\/alemanha\\\/#respond\"]}]},{\"@type\":\"WebPage\",\"@id\":\"http:\\\/\\\/rituais.com\\\/rituais\\\/alemanha\\\/\",\"url\":\"http:\\\/\\\/rituais.com\\\/rituais\\\/alemanha\\\/\",\"name\":\"Alemanha - Rituais em viagem\",\"isPartOf\":{\"@id\":\"http:\\\/\\\/rituais.com\\\/rituais\\\/#website\"},\"datePublished\":\"2018-08-24T11:28:11+00:00\",\"dateModified\":\"2020-03-19T13:12:05+00:00\",\"description\":\"Conhece a Alemanha\",\"breadcrumb\":{\"@id\":\"http:\\\/\\\/rituais.com\\\/rituais\\\/alemanha\\\/#breadcrumb\"},\"inLanguage\":\"pt-PT\",\"potentialAction\":[{\"@type\":\"ReadAction\",\"target\":[\"http:\\\/\\\/rituais.com\\\/rituais\\\/alemanha\\\/\"]}]},{\"@type\":\"BreadcrumbList\",\"@id\":\"http:\\\/\\\/rituais.com\\\/rituais\\\/alemanha\\\/#breadcrumb\",\"itemListElement\":[{\"@type\":\"ListItem\",\"position\":1,\"name\":\"In\u00edcio\",\"item\":\"http:\\\/\\\/rituais.com\\\/rituais\\\/\"},{\"@type\":\"ListItem\",\"position\":2,\"name\":\"Alemanha\"}]},{\"@type\":\"WebSite\",\"@id\":\"http:\\\/\\\/rituais.com\\\/rituais\\\/#website\",\"url\":\"http:\\\/\\\/rituais.com\\\/rituais\\\/\",\"name\":\"Rituais em viagem\",\"description\":\"Viagens em autonomia e atividades de ar livre em formato aventura\",\"publisher\":{\"@id\":\"http:\\\/\\\/rituais.com\\\/rituais\\\/#organization\"},\"potentialAction\":[{\"@type\":\"SearchAction\",\"target\":{\"@type\":\"EntryPoint\",\"urlTemplate\":\"http:\\\/\\\/rituais.com\\\/rituais\\\/?s={search_term_string}\"},\"query-input\":{\"@type\":\"PropertyValueSpecification\",\"valueRequired\":true,\"valueName\":\"search_term_string\"}}],\"inLanguage\":\"pt-PT\"},{\"@type\":\"Organization\",\"@id\":\"http:\\\/\\\/rituais.com\\\/rituais\\\/#organization\",\"name\":\"Rituais em viagem\",\"url\":\"http:\\\/\\\/rituais.com\\\/rituais\\\/\",\"logo\":{\"@type\":\"ImageObject\",\"inLanguage\":\"pt-PT\",\"@id\":\"http:\\\/\\\/rituais.com\\\/rituais\\\/#\\\/schema\\\/logo\\\/image\\\/\",\"url\":\"http:\\\/\\\/rituais.com\\\/rituais\\\/wp-content\\\/uploads\\\/2017\\\/03\\\/Pictograma-Rituais.png\",\"contentUrl\":\"http:\\\/\\\/rituais.com\\\/rituais\\\/wp-content\\\/uploads\\\/2017\\\/03\\\/Pictograma-Rituais.png\",\"width\":106,\"height\":108,\"caption\":\"Rituais em viagem\"},\"image\":{\"@id\":\"http:\\\/\\\/rituais.com\\\/rituais\\\/#\\\/schema\\\/logo\\\/image\\\/\"},\"sameAs\":[\"https:\\\/\\\/www.facebook.com\\\/RituaisemViagem\\\/\",\"https:\\\/\\\/x.com\\\/Rituais_\",\"https:\\\/\\\/www.instagram.com\\\/rituaisemviagem\\\/\",\"https:\\\/\\\/www.youtube.com\\\/channel\\\/UCbf86SX7BsNf46uru7b7feg\"]},{\"@type\":\"Person\",\"@id\":\"http:\\\/\\\/rituais.com\\\/rituais\\\/#\\\/schema\\\/person\\\/870e89c4f22431a2aa76983d000bb227\",\"name\":\"Rituais\",\"image\":{\"@type\":\"ImageObject\",\"inLanguage\":\"pt-PT\",\"@id\":\"https:\\\/\\\/secure.gravatar.com\\\/avatar\\\/414d5d6f96ced1ae48e15525ad8538a49583e4cd7b5ad9fe9f96b4e25434a9b8?s=96&d=mm&r=g\",\"url\":\"https:\\\/\\\/secure.gravatar.com\\\/avatar\\\/414d5d6f96ced1ae48e15525ad8538a49583e4cd7b5ad9fe9f96b4e25434a9b8?s=96&d=mm&r=g\",\"contentUrl\":\"https:\\\/\\\/secure.gravatar.com\\\/avatar\\\/414d5d6f96ced1ae48e15525ad8538a49583e4cd7b5ad9fe9f96b4e25434a9b8?s=96&d=mm&r=g\",\"caption\":\"Rituais\"},\"sameAs\":[\"http:\\\/\\\/www.rituais.com\"],\"url\":\"http:\\\/\\\/rituais.com\\\/rituais\\\/author\\\/rituais\\\/\"}]}<\/script>\n<!-- \/ Yoast SEO plugin. -->","yoast_head_json":{"title":"Alemanha - Rituais em viagem","description":"Conhece a Alemanha","robots":{"index":"index","follow":"follow","max-snippet":"max-snippet:-1","max-image-preview":"max-image-preview:large","max-video-preview":"max-video-preview:-1"},"canonical":"http:\/\/rituais.com\/rituais\/alemanha\/","og_locale":"pt_PT","og_type":"article","og_title":"Alemanha - Rituais em viagem","og_description":"Conhece a Alemanha","og_url":"http:\/\/rituais.com\/rituais\/alemanha\/","og_site_name":"Rituais em viagem","article_publisher":"https:\/\/www.facebook.com\/RituaisemViagem\/","article_published_time":"2018-08-24T11:28:11+00:00","article_modified_time":"2020-03-19T13:12:05+00:00","og_image":[{"width":106,"height":108,"url":"http:\/\/rituais.com\/rituais\/wp-content\/uploads\/2017\/03\/Pictograma-Rituais.png","type":"image\/png"}],"author":"Rituais","twitter_card":"summary_large_image","twitter_creator":"@Rituais_","twitter_site":"@Rituais_","twitter_misc":{"Escrito por":"Rituais","Tempo estimado de leitura":"26 minutos"},"schema":{"@context":"https:\/\/schema.org","@graph":[{"@type":"Article","@id":"http:\/\/rituais.com\/rituais\/alemanha\/#article","isPartOf":{"@id":"http:\/\/rituais.com\/rituais\/alemanha\/"},"author":{"name":"Rituais","@id":"http:\/\/rituais.com\/rituais\/#\/schema\/person\/870e89c4f22431a2aa76983d000bb227"},"headline":"Alemanha","datePublished":"2018-08-24T11:28:11+00:00","dateModified":"2020-03-19T13:12:05+00:00","mainEntityOfPage":{"@id":"http:\/\/rituais.com\/rituais\/alemanha\/"},"wordCount":5149,"commentCount":0,"publisher":{"@id":"http:\/\/rituais.com\/rituais\/#organization"},"keywords":["Alemanha","Europa","Europa do Norte"],"articleSection":["Alemanha"],"inLanguage":"pt-PT","potentialAction":[{"@type":"CommentAction","name":"Comment","target":["http:\/\/rituais.com\/rituais\/alemanha\/#respond"]}]},{"@type":"WebPage","@id":"http:\/\/rituais.com\/rituais\/alemanha\/","url":"http:\/\/rituais.com\/rituais\/alemanha\/","name":"Alemanha - Rituais em viagem","isPartOf":{"@id":"http:\/\/rituais.com\/rituais\/#website"},"datePublished":"2018-08-24T11:28:11+00:00","dateModified":"2020-03-19T13:12:05+00:00","description":"Conhece a Alemanha","breadcrumb":{"@id":"http:\/\/rituais.com\/rituais\/alemanha\/#breadcrumb"},"inLanguage":"pt-PT","potentialAction":[{"@type":"ReadAction","target":["http:\/\/rituais.com\/rituais\/alemanha\/"]}]},{"@type":"BreadcrumbList","@id":"http:\/\/rituais.com\/rituais\/alemanha\/#breadcrumb","itemListElement":[{"@type":"ListItem","position":1,"name":"In\u00edcio","item":"http:\/\/rituais.com\/rituais\/"},{"@type":"ListItem","position":2,"name":"Alemanha"}]},{"@type":"WebSite","@id":"http:\/\/rituais.com\/rituais\/#website","url":"http:\/\/rituais.com\/rituais\/","name":"Rituais em viagem","description":"Viagens em autonomia e atividades de ar livre em formato aventura","publisher":{"@id":"http:\/\/rituais.com\/rituais\/#organization"},"potentialAction":[{"@type":"SearchAction","target":{"@type":"EntryPoint","urlTemplate":"http:\/\/rituais.com\/rituais\/?s={search_term_string}"},"query-input":{"@type":"PropertyValueSpecification","valueRequired":true,"valueName":"search_term_string"}}],"inLanguage":"pt-PT"},{"@type":"Organization","@id":"http:\/\/rituais.com\/rituais\/#organization","name":"Rituais em viagem","url":"http:\/\/rituais.com\/rituais\/","logo":{"@type":"ImageObject","inLanguage":"pt-PT","@id":"http:\/\/rituais.com\/rituais\/#\/schema\/logo\/image\/","url":"http:\/\/rituais.com\/rituais\/wp-content\/uploads\/2017\/03\/Pictograma-Rituais.png","contentUrl":"http:\/\/rituais.com\/rituais\/wp-content\/uploads\/2017\/03\/Pictograma-Rituais.png","width":106,"height":108,"caption":"Rituais em viagem"},"image":{"@id":"http:\/\/rituais.com\/rituais\/#\/schema\/logo\/image\/"},"sameAs":["https:\/\/www.facebook.com\/RituaisemViagem\/","https:\/\/x.com\/Rituais_","https:\/\/www.instagram.com\/rituaisemviagem\/","https:\/\/www.youtube.com\/channel\/UCbf86SX7BsNf46uru7b7feg"]},{"@type":"Person","@id":"http:\/\/rituais.com\/rituais\/#\/schema\/person\/870e89c4f22431a2aa76983d000bb227","name":"Rituais","image":{"@type":"ImageObject","inLanguage":"pt-PT","@id":"https:\/\/secure.gravatar.com\/avatar\/414d5d6f96ced1ae48e15525ad8538a49583e4cd7b5ad9fe9f96b4e25434a9b8?s=96&d=mm&r=g","url":"https:\/\/secure.gravatar.com\/avatar\/414d5d6f96ced1ae48e15525ad8538a49583e4cd7b5ad9fe9f96b4e25434a9b8?s=96&d=mm&r=g","contentUrl":"https:\/\/secure.gravatar.com\/avatar\/414d5d6f96ced1ae48e15525ad8538a49583e4cd7b5ad9fe9f96b4e25434a9b8?s=96&d=mm&r=g","caption":"Rituais"},"sameAs":["http:\/\/www.rituais.com"],"url":"http:\/\/rituais.com\/rituais\/author\/rituais\/"}]}},"_links":{"self":[{"href":"http:\/\/rituais.com\/rituais\/wp-json\/wp\/v2\/posts\/1888","targetHints":{"allow":["GET"]}}],"collection":[{"href":"http:\/\/rituais.com\/rituais\/wp-json\/wp\/v2\/posts"}],"about":[{"href":"http:\/\/rituais.com\/rituais\/wp-json\/wp\/v2\/types\/post"}],"author":[{"embeddable":true,"href":"http:\/\/rituais.com\/rituais\/wp-json\/wp\/v2\/users\/1"}],"replies":[{"embeddable":true,"href":"http:\/\/rituais.com\/rituais\/wp-json\/wp\/v2\/comments?post=1888"}],"version-history":[{"count":5,"href":"http:\/\/rituais.com\/rituais\/wp-json\/wp\/v2\/posts\/1888\/revisions"}],"predecessor-version":[{"id":29895,"href":"http:\/\/rituais.com\/rituais\/wp-json\/wp\/v2\/posts\/1888\/revisions\/29895"}],"wp:attachment":[{"href":"http:\/\/rituais.com\/rituais\/wp-json\/wp\/v2\/media?parent=1888"}],"wp:term":[{"taxonomy":"category","embeddable":true,"href":"http:\/\/rituais.com\/rituais\/wp-json\/wp\/v2\/categories?post=1888"},{"taxonomy":"post_tag","embeddable":true,"href":"http:\/\/rituais.com\/rituais\/wp-json\/wp\/v2\/tags?post=1888"}],"curies":[{"name":"wp","href":"https:\/\/api.w.org\/{rel}","templated":true}]}}